{"id":456,"date":"2023-09-03T16:41:54","date_gmt":"2023-09-03T16:41:54","guid":{"rendered":"https:\/\/oidaeditorial.com\/?p=456"},"modified":"2024-09-16T08:29:26","modified_gmt":"2024-09-16T08:29:26","slug":"7-parells-de-peus-a-laula","status":"publish","type":"post","link":"https:\/\/oidaeditorial.com\/index.php\/2023\/09\/03\/7-parells-de-peus-a-laula\/","title":{"rendered":"&#8216;7 parells de peus&#8217; a l\u2019aula"},"content":{"rendered":"\n<h3 class=\"wp-block-heading\">Com i per qu\u00e8 incorporar l\u2019<a href=\"https:\/\/oidaeditorial.com\/index.php\/publicaciones\/7-parells-de-peus-de-ruth-vilar-audiollibre\/\">audiollibre teatral infantil <em>7 parells de peus<\/em><\/a> als cicles mitj\u00e0 i superior de Prim\u00e0ria i a primer i segon de Secund\u00e0ria<\/h3>\n\n\n\n<div style=\"height:25px\" aria-hidden=\"true\" class=\"wp-block-spacer\"><\/div>\n\n\n\n<figure data-wp-context=\"{&quot;imageId&quot;:&quot;69f2701cc986a&quot;}\" data-wp-interactive=\"core\/image\" data-wp-key=\"69f2701cc986a\" class=\"wp-block-image aligncenter size-large is-resized wp-lightbox-container\"><img data-opt-id=557987932  fetchpriority=\"high\" decoding=\"async\" width=\"1024\" height=\"683\" data-wp-class--hide=\"state.isContentHidden\" data-wp-class--show=\"state.isContentVisible\" data-wp-init=\"callbacks.setButtonStyles\" data-wp-on--click=\"actions.showLightbox\" data-wp-on--load=\"callbacks.setButtonStyles\" data-wp-on-window--resize=\"callbacks.setButtonStyles\" src=\"https:\/\/mlfuar0h46fq.i.optimole.com\/w:600\/h:400\/q:mauto\/ig:avif\/https:\/\/oidaeditorial.com\/wp-content\/uploads\/2023\/09\/Listen-1.jpg\" alt=\"\" class=\"wp-image-457\" style=\"width:493px;height:329px\" srcset=\"https:\/\/mlfuar0h46fq.i.optimole.com\/w:600\/h:400\/q:mauto\/ig:avif\/https:\/\/oidaeditorial.com\/wp-content\/uploads\/2023\/09\/Listen-1.jpg 1024w, https:\/\/mlfuar0h46fq.i.optimole.com\/w:300\/h:200\/q:mauto\/ig:avif\/https:\/\/oidaeditorial.com\/wp-content\/uploads\/2023\/09\/Listen-1.jpg 300w, https:\/\/mlfuar0h46fq.i.optimole.com\/w:600\/h:400\/q:mauto\/ig:avif\/https:\/\/oidaeditorial.com\/wp-content\/uploads\/2023\/09\/Listen-1.jpg 768w, https:\/\/mlfuar0h46fq.i.optimole.com\/w:600\/h:400\/q:mauto\/ig:avif\/https:\/\/oidaeditorial.com\/wp-content\/uploads\/2023\/09\/Listen-1.jpg 1536w, https:\/\/mlfuar0h46fq.i.optimole.com\/w:600\/h:400\/q:mauto\/ig:avif\/https:\/\/oidaeditorial.com\/wp-content\/uploads\/2023\/09\/Listen-1.jpg 1920w\" sizes=\"(max-width: 1000px) 100vw, 1000px\" \/><button\n\t\t\tclass=\"lightbox-trigger\"\n\t\t\ttype=\"button\"\n\t\t\taria-haspopup=\"dialog\"\n\t\t\taria-label=\"Agrandar\"\n\t\t\tdata-wp-init=\"callbacks.initTriggerButton\"\n\t\t\tdata-wp-on--click=\"actions.showLightbox\"\n\t\t\tdata-wp-style--right=\"state.imageButtonRight\"\n\t\t\tdata-wp-style--top=\"state.imageButtonTop\"\n\t\t>\n\t\t\t<svg xmlns=\"http:\/\/www.w3.org\/2000\/svg\" width=\"12\" height=\"12\" fill=\"none\" viewBox=\"0 0 12 12\">\n\t\t\t\t<path fill=\"#fff\" d=\"M2 0a2 2 0 0 0-2 2v2h1.5V2a.5.5 0 0 1 .5-.5h2V0H2Zm2 10.5H2a.5.5 0 0 1-.5-.5V8H0v2a2 2 0 0 0 2 2h2v-1.5ZM8 12v-1.5h2a.5.5 0 0 0 .5-.5V8H12v2a2 2 0 0 1-2 2H8Zm2-12a2 2 0 0 1 2 2v2h-1.5V2a.5.5 0 0 0-.5-.5H8V0h2Z\" \/>\n\t\t\t<\/svg>\n\t\t<\/button><\/figure>\n\n\n\n<p class=\"has-black-color has-text-color\">Arran dels resultats del darrer estudi <a href=\"http:\/\/csda.gencat.cat\/ca\/arees-actuacio\/avaluacions-consell\/avaluacions-internacionals\/pirls\/\">PIRLS (Estudi Internacional de Progr\u00e9s en Comprensi\u00f3 Lectora<\/a>) hem pres consci\u00e8ncia que la lectura \u00e9s una gran assignatura pendent. Han entrat en vigor plans, programes i mesures per fomentar-la decididament. \u00c9s el cas del <a href=\"https:\/\/govern.cat\/salapremsa\/notes-premsa\/525986\/govern-aprova-nou-pla-nacional-del-llibre-lectura-fomentar-habit-lector-lectura-catala\">Pla Nacional del Llibre i la Lectura<\/a>, que inclou el Pla de Millora de les Biblioteques Escolars de Catalunya (PLAMIB), i del Pla de Promoci\u00f3 de l\u2019\u00das de la Llengua Catalana als Centres Educatius.&nbsp;<\/p>\n\n\n\n<p class=\"has-black-color has-text-color\">Alhora, <a href=\"https:\/\/projectes.xtec.cat\/nou-curriculum\/educacio-basica\/les-competencies-transversals\/\">el nou curr\u00edculum de l\u2019educaci\u00f3 b\u00e0sica<\/a> destaca les quatre compet\u00e8ncies transversals que cal contribuir a assolir des de totes les \u00e0rees, mat\u00e8ries, \u00e0mbits i projectes: ciutadana; emprenedora; personal, social i d\u2019aprendre a aprendre; i digital. A m\u00e9s, recull la introducci\u00f3 de mitja hora de lectura di\u00e0ria a l\u2019aula.<\/p>\n\n\n\n<p class=\"has-black-color has-text-color\">Qu\u00e8 en fem, de tot aix\u00f2? Com podem incorporar al dia a dia de l\u2019escola o de l\u2019institut aquestes exig\u00e8ncies i oportunitats?<\/p>\n\n\n\n<p class=\"has-black-color has-text-color\">L\u2019audiollibre teatral infantil en catal\u00e0 <a href=\"https:\/\/oidaeditorial.com\/index.php\/publicaciones\/7-parells-de-peus-de-ruth-vilar-audiollibre\/\"><em>7 parells de peus<\/em> de Ruth Vilar<\/a> \u00e9s una opci\u00f3 vers\u00e0til i innovadora que ofereix molts avantatges per treballar a l\u2019aula. Quins?<\/p>\n\n\n\n<ul class=\"wp-block-list\">\n<li>\u00c9s un model l\u00fadic de lectura expressiva en veu alta que enriqueix la comprensi\u00f3 lectora a trav\u00e9s de l&#8217;oralitat.<\/li>\n\n\n\n<li>Parteix d&#8217;un text literari original.<\/li>\n\n\n\n<li>Tracta sobre els drets dels infants.<\/li>\n\n\n\n<li>Les cinc escenes estan distribu\u00efdes en pistes que permeten treballar f\u00e0cilment els diferents drets en diversos dies.<\/li>\n\n\n\n<li>Tamb\u00e9 est\u00e0 disponible en format de <a href=\"https:\/\/oidaeditorial.com\/index.php\/publicaciones\/7-parells-de-peus-de-ruth-vilar-llibre-electronic-teatral-infantil\/\">llibre electr\u00f2nic<\/a> (epub 3 <em>reflowable<\/em> compatible amb Adobe Digital Editions) que podem utilitzar com a suport visual de la lectura mentre escoltem l&#8217;audiollibre.<\/li>\n\n\n\n<li>Cont\u00e9 preguntes filos\u00f2fiques que ens permeten dialogar en assemblea sobre q\u00fcestions de naturalesa \u00e8tica, social i pol\u00edtica amb els nens i les nenes a partir de 8 anys (no hi ha l\u00edmit d\u2019edat m\u00e0xima).<\/li>\n\n\n\n<li>La m\u00fasica \u00e9s una composici\u00f3 original per a guitarra cl\u00e0ssica.<\/li>\n\n\n\n<li>Els int\u00e8rprets de l\u2019audiollibre s\u00f3n els mateixos actors de la companyia <a href=\"https:\/\/cosdelletra.com\/index.php\/2023\/08\/09\/7-parells-de-peus-de-ruth-vilar\/\">Cos de Lletra<\/a> que representen l\u2019obra al teatre.<\/li>\n\n\n\n<li>L\u2019autora fa visites escolars i forma part de la llista d\u2019escriptors del programa <a href=\"https:\/\/cultura.gencat.cat\/ca\/ilc\/que-fem\/programes\/lletres-a-les-aules\/autors-a-les-aules-00001\/index.html\">Autors a les Aules<\/a> 2023\/24.<\/li>\n<\/ul>\n\n\n\n<p class=\"has-black-color has-text-color\">Us interessa proposar l\u2019audiollibre al vostre centre per\u00f2 teniu dubtes sobre com implementar-lo? Us agradaria participar en un dels seminaris virtuals per a docents en qu\u00e8 us expliquem les diverses activitats que podeu dur a terme a partir de la lectura de <em>7 parells de peus<\/em>? Escriviu-nos <a href=\"https:\/\/oidaeditorial.com\/index.php\/contacta-con-oida\/\">aqu\u00ed<\/a>.<\/p>\n\n\n\n<p class=\"has-black-color has-text-color\">Oid\u00e0 Editorial aplica un <strong>15% de descompte a les compres realitzades directament per les institucions educatives<\/strong>. Si us interessa adquirir un <strong>lot d\u2019exemplars per a l\u2019escola o l&#8217;institut<\/strong>, contacteu amb nosaltres <a href=\"https:\/\/oidaeditorial.com\/index.php\/contacta-con-oida\/\">aqu\u00ed<\/a>. Si us plau, anoteu el nom del centre, el tel\u00e8fon i la persona de contacte, i us respondrem en breu.<br><br>Si preferiu que els alumnes comprin individualment els seus audiollibres o llibres electr\u00f2nics, adreceu-los a les plataformes i botigues que trobareu a les <a href=\"https:\/\/oidaeditorial.com\/index.php\/preguntas-frecuentes\/\">preguntes freq\u00fcents<\/a>.<\/p>\n\n\n\n<div style=\"height:60px\" aria-hidden=\"true\" class=\"wp-block-spacer\"><\/div>\n\n\n\n<h4 class=\"wp-block-heading has-text-align-center\">OID\u00c0 EDITORIAL \u00b7 Audiollibre teatral<\/h4>\n","protected":false},"excerpt":{"rendered":"<p>Com i per qu\u00e8 incorporar l\u2019audiollibre teatral infantil 7 parells de peus als cicles mitj\u00e0 i superior de Prim\u00e0ria i a primer i segon de Secund\u00e0ria Arran dels resultats del darrer estudi PIRLS (Estudi Internacional de Progr\u00e9s en Comprensi\u00f3 Lectora) hem pres consci\u00e8ncia que la lectura \u00e9s una gran assignatura pendent. Han entrat en vigor [&hellip;]<\/p>\n","protected":false},"author":1,"featured_media":0,"comment_status":"closed","ping_status":"closed","sticky":false,"template":"","format":"standard","meta":{"footnotes":""},"categories":[1],"tags":[34,31,33,32,29],"class_list":["post-456","post","type-post","status-publish","format-standard","hentry","category-uncategorized","tag-7-parells-de-peus","tag-audiollibre","tag-audiollibre-teatral-infantil","tag-llibre-electronic","tag-oida-editorial"],"_links":{"self":[{"href":"https:\/\/oidaeditorial.com\/index.php\/wp-json\/wp\/v2\/posts\/456","targetHints":{"allow":["GET"]}}],"collection":[{"href":"https:\/\/oidaeditorial.com\/index.php\/wp-json\/wp\/v2\/posts"}],"about":[{"href":"https:\/\/oidaeditorial.com\/index.php\/wp-json\/wp\/v2\/types\/post"}],"author":[{"embeddable":true,"href":"https:\/\/oidaeditorial.com\/index.php\/wp-json\/wp\/v2\/users\/1"}],"replies":[{"embeddable":true,"href":"https:\/\/oidaeditorial.com\/index.php\/wp-json\/wp\/v2\/comments?post=456"}],"version-history":[{"count":8,"href":"https:\/\/oidaeditorial.com\/index.php\/wp-json\/wp\/v2\/posts\/456\/revisions"}],"predecessor-version":[{"id":786,"href":"https:\/\/oidaeditorial.com\/index.php\/wp-json\/wp\/v2\/posts\/456\/revisions\/786"}],"wp:attachment":[{"href":"https:\/\/oidaeditorial.com\/index.php\/wp-json\/wp\/v2\/media?parent=456"}],"wp:term":[{"taxonomy":"category","embeddable":true,"href":"https:\/\/oidaeditorial.com\/index.php\/wp-json\/wp\/v2\/categories?post=456"},{"taxonomy":"post_tag","embeddable":true,"href":"https:\/\/oidaeditorial.com\/index.php\/wp-json\/wp\/v2\/tags?post=456"}],"curies":[{"name":"wp","href":"https:\/\/api.w.org\/{rel}","templated":true}]}}