{"id":276,"date":"2023-06-30T12:24:38","date_gmt":"2023-06-30T12:24:38","guid":{"rendered":"https:\/\/oidaeditorial.com\/?p=276"},"modified":"2023-07-05T16:06:01","modified_gmt":"2023-07-05T16:06:01","slug":"la-escucha-que-nos-sana","status":"publish","type":"post","link":"https:\/\/oidaeditorial.com\/index.php\/2023\/06\/30\/la-escucha-que-nos-sana\/","title":{"rendered":"La escucha que nos sana"},"content":{"rendered":"\n<div class=\"wp-block-media-text alignwide is-stacked-on-mobile\" style=\"grid-template-columns:51% auto\"><figure class=\"wp-block-media-text__media\"><img data-opt-id=1213926913  fetchpriority=\"high\" decoding=\"async\" width=\"640\" height=\"427\" src=\"https:\/\/mlfuar0h46fq.i.optimole.com\/w:auto\/h:auto\/q:mauto\/ig:avif\/https:\/\/oidaeditorial.com\/wp-content\/uploads\/2023\/06\/Cerca_del_mar.jpg\" alt=\"\" class=\"wp-image-277 size-full\" srcset=\"https:\/\/mlfuar0h46fq.i.optimole.com\/w:600\/h:400\/q:mauto\/ig:avif\/https:\/\/oidaeditorial.com\/wp-content\/uploads\/2023\/06\/Cerca_del_mar.jpg 640w, https:\/\/mlfuar0h46fq.i.optimole.com\/w:300\/h:200\/q:mauto\/ig:avif\/https:\/\/oidaeditorial.com\/wp-content\/uploads\/2023\/06\/Cerca_del_mar.jpg 300w\" sizes=\"(max-width: 640px) 100vw, 640px\" \/><\/figure><div class=\"wp-block-media-text__content\">\n<p>Eva Hibernia escribe sobre\u00a0<a href=\"https:\/\/oidaeditorial.com\/index.php\/publicaciones\/cerca-del-mar-de-ruth-vilar-audiolibro\" target=\"_blank\" rel=\"noreferrer noopener\"><em>Cerca del mar<\/em>\u00a0de Ruth Vilar (Oid\u00e0 Editorial, 2023)<\/a>\u00a0en <a rel=\"noreferrer noopener\" href=\"https:\/\/primeracto.com\/producto\/revista-primer-acto-numero-364\/\" data-type=\"URL\" data-id=\"https:\/\/primeracto.com\/producto\/revista-primer-acto-numero-364\/\" target=\"_blank\">Primer Acto<\/a>:<br><br>\u00ab<strong>Cerca del mar<\/strong>, escrita por Ruth Vilar, es un brillante trabajo de madurez de la autora y su compa\u00f1\u00eda, Cos de Lletra.<\/p>\n<\/div><\/div>\n\n\n\n<p>[&#8230;] un texto que brota, claro y emocionante, y que va dibujando una historia tan procelosa, tan llena de otros personajes a los que apela su protagonista y tan rica en espacios donde suceden los hechos, que al final nos parece haber asistido al m\u00e1s lleno de los espect\u00e1culos. Y es que lo que escuchamos y c\u00f3mo nos es dicho, tiene la virtud de convocar la fuerza de la imaginaci\u00f3n clarificadora. Somos espectadores, s\u00ed, pero poco a poco somos m\u00e1s que eso. Vamos convirti\u00e9ndonos en testigos, en confidentes, en jueces. Irene, la protagonista de esta historia, se muestra con tal sinceridad y desnudez, que nuestros o\u00eddos han de acompa\u00f1arla, por fuerza, arrop\u00e1ndola con las im\u00e1genes de todo lo que ella nos cuenta y que nos es tan cercano. Sus lugares son tambi\u00e9n nuestro paisaje, tan tangible como si estuvi\u00e9ramos all\u00ed con ella, codo con codo en su peripecia.<\/p>\n\n\n\n<p>Este ejercicio de intimidad que la autora propone y la actriz (la misma Ruth) resuelve bajo la direcci\u00f3n de la otra mitad de la compa\u00f1\u00eda, Salva Artesero, se fragua en la resoluci\u00f3n de la m\u00e1s acuciante de las preguntas a las que se enfrenta un dramaturgo cuando escribe un mon\u00f3logo. \u00bfA qui\u00e9n habla el personaje? \u00bfPor qu\u00e9 habla solo, o en soledad, precisamente en el escenario, un espacio que por naturaleza es lugar de representaci\u00f3n de lo colectivo? A esa pregunta, Ruth Vilar lanza una respuesta m\u00faltiple. Los personajes que est\u00e1n alrededor de la vida de Irene, en tiempo presente, a lo largo del desarrollo de la trama, son los interlocutores de su discurso, gracias a lo cual la escuchamos como si estuviera en di\u00e1logo. Irene dialoga, replica, suplica, ofrece, pide, da cuentas de sus actos, intercede, se asombra, reprocha, conversa, en fin, con otro que est\u00e1 ah\u00ed, entre nosotros, al otro lado de la conversaci\u00f3n, en el patio de butacas. Porque entre nosotros est\u00e1 el hermano, la madre, el padre, la amiga, la clienta de su puestecito de verduras y frutas, la mujer del tabernero, o el juez. Nos vamos volviendo un poco cada uno de esos individuos que estuvo all\u00ed y la escuch\u00f3. Nos tornamos hacedores de ese di\u00e1logo, pues es f\u00e1cil rellenar los huecos, el contenido impl\u00edcito en las palabras que devuelve esa mujer cada vez m\u00e1s angustiada.\u00bb<\/p>\n\n\n\n<p class=\"has-text-align-left\">Lee aqu\u00ed el art\u00edculo completo: <a rel=\"noreferrer noopener\" href=\"https:\/\/cosdelletra.blogspot.com\/2023\/06\/la-escucha-que-nos-sana-por-eva-hibernia.html\" data-type=\"URL\" data-id=\"https:\/\/cosdelletra.blogspot.com\/2023\/06\/la-escucha-que-nos-sana-por-eva-hibernia.html\" target=\"_blank\">&#8216;La escucha que nos sana&#8217; de Eva Hibernia<\/a>, publicado en el <a rel=\"noreferrer noopener\" href=\"https:\/\/primeracto.com\/producto\/revista-primer-acto-numero-364\/\" target=\"_blank\">n\u00ba 364 de Primer Acto<\/a>.<\/p>\n\n\n\n<p class=\"has-text-align-right\"><sub>Fotograf\u00eda de Rub\u00e9n Ibarreta<\/sub><\/p>\n","protected":false},"excerpt":{"rendered":"<p>Eva Hibernia escribe sobre\u00a0Cerca del mar\u00a0de Ruth Vilar (Oid\u00e0 Editorial, 2023)\u00a0en Primer Acto: \u00abCerca del mar, escrita por Ruth Vilar, es un brillante trabajo de madurez de la autora y su compa\u00f1\u00eda, Cos de Lletra. [&#8230;] un texto que brota, claro y emocionante, y que va dibujando una historia tan procelosa, tan llena de otros [&hellip;]<\/p>\n","protected":false},"author":1,"featured_media":0,"comment_status":"closed","ping_status":"closed","sticky":false,"template":"","format":"standard","meta":{"footnotes":""},"categories":[22,23,1],"tags":[25,24,26,29],"class_list":["post-276","post","type-post","status-publish","format-standard","hentry","category-libro-teatral","category-literatura-dramatica-contemporanea","category-uncategorized","tag-audiolibro","tag-cerca-del-mar","tag-libro-electronico","tag-oida-editorial"],"_links":{"self":[{"href":"https:\/\/oidaeditorial.com\/index.php\/wp-json\/wp\/v2\/posts\/276","targetHints":{"allow":["GET"]}}],"collection":[{"href":"https:\/\/oidaeditorial.com\/index.php\/wp-json\/wp\/v2\/posts"}],"about":[{"href":"https:\/\/oidaeditorial.com\/index.php\/wp-json\/wp\/v2\/types\/post"}],"author":[{"embeddable":true,"href":"https:\/\/oidaeditorial.com\/index.php\/wp-json\/wp\/v2\/users\/1"}],"replies":[{"embeddable":true,"href":"https:\/\/oidaeditorial.com\/index.php\/wp-json\/wp\/v2\/comments?post=276"}],"version-history":[{"count":3,"href":"https:\/\/oidaeditorial.com\/index.php\/wp-json\/wp\/v2\/posts\/276\/revisions"}],"predecessor-version":[{"id":311,"href":"https:\/\/oidaeditorial.com\/index.php\/wp-json\/wp\/v2\/posts\/276\/revisions\/311"}],"wp:attachment":[{"href":"https:\/\/oidaeditorial.com\/index.php\/wp-json\/wp\/v2\/media?parent=276"}],"wp:term":[{"taxonomy":"category","embeddable":true,"href":"https:\/\/oidaeditorial.com\/index.php\/wp-json\/wp\/v2\/categories?post=276"},{"taxonomy":"post_tag","embeddable":true,"href":"https:\/\/oidaeditorial.com\/index.php\/wp-json\/wp\/v2\/tags?post=276"}],"curies":[{"name":"wp","href":"https:\/\/api.w.org\/{rel}","templated":true}]}}