{"id":259,"date":"2023-03-29T10:15:23","date_gmt":"2023-03-29T10:15:23","guid":{"rendered":"http:\/\/oidaeditorial.com\/?p=259"},"modified":"2023-06-30T12:48:03","modified_gmt":"2023-06-30T12:48:03","slug":"artezblai-nace-oida","status":"publish","type":"post","link":"https:\/\/oidaeditorial.com\/index.php\/2023\/03\/29\/artezblai-nace-oida\/","title":{"rendered":"Artezblai: Nace Oid\u00e0"},"content":{"rendered":"\n<div class=\"wp-block-media-text alignwide is-stacked-on-mobile\" style=\"grid-template-columns:43% auto\"><figure class=\"wp-block-media-text__media\"><a href=\"https:\/\/www.artezblai.com\/nace-oida-editorial-sello-independiente-y-digital-de-literatura-dramatica-contemporanea\/\" target=\"_blank\" rel=\"noreferrer noopener\"><img data-opt-id=83536174  fetchpriority=\"high\" decoding=\"async\" width=\"410\" height=\"534\" src=\"https:\/\/mlfuar0h46fq.i.optimole.com\/w:auto\/h:auto\/q:mauto\/ig:avif\/https:\/\/oidaeditorial.com\/wp-content\/uploads\/2023\/03\/image-2.png\" alt=\"\" class=\"wp-image-101 size-full\" srcset=\"https:\/\/mlfuar0h46fq.i.optimole.com\/w:410\/h:534\/q:mauto\/ig:avif\/https:\/\/oidaeditorial.com\/wp-content\/uploads\/2023\/03\/image-2.png 410w, https:\/\/mlfuar0h46fq.i.optimole.com\/w:230\/h:300\/q:mauto\/ig:avif\/https:\/\/oidaeditorial.com\/wp-content\/uploads\/2023\/03\/image-2.png 230w\" sizes=\"(max-width: 410px) 100vw, 410px\" \/><\/a><\/figure><div class=\"wp-block-media-text__content\">\n<p>La revista teatral Artezblai se hace eco del nacimiento de Oid\u00e0 Editorial en el D\u00eda Mundial del Teatro y de la inauguraci\u00f3n de nuestro cat\u00e1logo con la publicaci\u00f3n internacional y simult\u00e1nea en libro electr\u00f3nico y audiolibro de <strong><a href=\"https:\/\/oidaeditorial.com\/index.php\/publicaciones\/cerca-del-mar-de-ruth-vilar-2\/\" target=\"_blank\" rel=\"noreferrer noopener\"><em>Cerca del mar<\/em> de\u00a0Ruth Vilar<\/a><\/strong>.<\/p>\n\n\n\n<p>Lee el art\u00edculo completo aqu\u00ed: <a href=\"https:\/\/www.artezblai.com\/nace-oida-editorial-sello-independiente-y-digital-de-literatura-dramatica-contemporanea\/\" target=\"_blank\" rel=\"noreferrer noopener\">&#8216;Nace Oid\u00e0 Editorial, sello independiente y digital de literatura dram\u00e1tica contempor\u00e1nea&#8217;<\/a>.<\/p>\n<\/div><\/div>\n","protected":false},"excerpt":{"rendered":"<p>La revista teatral Artezblai se hace eco del nacimiento de Oid\u00e0 Editorial en el D\u00eda Mundial del Teatro y de la inauguraci\u00f3n de nuestro cat\u00e1logo con la publicaci\u00f3n internacional y simult\u00e1nea en libro electr\u00f3nico y audiolibro de Cerca del mar de\u00a0Ruth Vilar. Lee el art\u00edculo completo aqu\u00ed: &#8216;Nace Oid\u00e0 Editorial, sello independiente y digital de [&hellip;]<\/p>\n","protected":false},"author":1,"featured_media":0,"comment_status":"closed","ping_status":"closed","sticky":false,"template":"","format":"standard","meta":{"footnotes":""},"categories":[22,23,1],"tags":[25,24,26,29],"class_list":["post-259","post","type-post","status-publish","format-standard","hentry","category-libro-teatral","category-literatura-dramatica-contemporanea","category-uncategorized","tag-audiolibro","tag-cerca-del-mar","tag-libro-electronico","tag-oida-editorial"],"_links":{"self":[{"href":"https:\/\/oidaeditorial.com\/index.php\/wp-json\/wp\/v2\/posts\/259","targetHints":{"allow":["GET"]}}],"collection":[{"href":"https:\/\/oidaeditorial.com\/index.php\/wp-json\/wp\/v2\/posts"}],"about":[{"href":"https:\/\/oidaeditorial.com\/index.php\/wp-json\/wp\/v2\/types\/post"}],"author":[{"embeddable":true,"href":"https:\/\/oidaeditorial.com\/index.php\/wp-json\/wp\/v2\/users\/1"}],"replies":[{"embeddable":true,"href":"https:\/\/oidaeditorial.com\/index.php\/wp-json\/wp\/v2\/comments?post=259"}],"version-history":[{"count":1,"href":"https:\/\/oidaeditorial.com\/index.php\/wp-json\/wp\/v2\/posts\/259\/revisions"}],"predecessor-version":[{"id":260,"href":"https:\/\/oidaeditorial.com\/index.php\/wp-json\/wp\/v2\/posts\/259\/revisions\/260"}],"wp:attachment":[{"href":"https:\/\/oidaeditorial.com\/index.php\/wp-json\/wp\/v2\/media?parent=259"}],"wp:term":[{"taxonomy":"category","embeddable":true,"href":"https:\/\/oidaeditorial.com\/index.php\/wp-json\/wp\/v2\/categories?post=259"},{"taxonomy":"post_tag","embeddable":true,"href":"https:\/\/oidaeditorial.com\/index.php\/wp-json\/wp\/v2\/tags?post=259"}],"curies":[{"name":"wp","href":"https:\/\/api.w.org\/{rel}","templated":true}]}}