{"id":238,"date":"2023-06-10T09:41:14","date_gmt":"2023-06-10T09:41:14","guid":{"rendered":"http:\/\/oidaeditorial.com\/?p=238"},"modified":"2023-07-05T16:07:21","modified_gmt":"2023-07-05T16:07:21","slug":"nuestros-dias-mas-felices","status":"publish","type":"post","link":"https:\/\/oidaeditorial.com\/index.php\/2023\/06\/10\/nuestros-dias-mas-felices\/","title":{"rendered":"Nuestros d\u00edas m\u00e1s felices"},"content":{"rendered":"\n<div class=\"wp-block-media-text alignwide is-stacked-on-mobile\" style=\"grid-template-columns:42% auto\"><figure class=\"wp-block-media-text__media\"><a href=\"https:\/\/www.zendalibros.com\/nuestros-dias-mas-felices\/\" target=\"_blank\" rel=\"noreferrer noopener\"><img data-opt-id=840907743  fetchpriority=\"high\" decoding=\"async\" width=\"345\" height=\"491\" src=\"https:\/\/mlfuar0h46fq.i.optimole.com\/w:auto\/h:auto\/q:mauto\/ig:avif\/https:\/\/oidaeditorial.com\/wp-content\/uploads\/2023\/06\/Zenda_Nuestros-dias-mas-felices_Sambruno.png\" alt=\"\" class=\"wp-image-240 size-full\" srcset=\"https:\/\/mlfuar0h46fq.i.optimole.com\/w:345\/h:491\/q:mauto\/ig:avif\/https:\/\/oidaeditorial.com\/wp-content\/uploads\/2023\/06\/Zenda_Nuestros-dias-mas-felices_Sambruno.png 345w, https:\/\/mlfuar0h46fq.i.optimole.com\/w:211\/h:300\/q:mauto\/ig:avif\/https:\/\/oidaeditorial.com\/wp-content\/uploads\/2023\/06\/Zenda_Nuestros-dias-mas-felices_Sambruno.png 211w\" sizes=\"(max-width: 345px) 100vw, 345px\" \/><\/a><\/figure><div class=\"wp-block-media-text__content\">\n<p>Sebasti\u00e1n Moreno Sambruno rese\u00f1a <a href=\"https:\/\/oidaeditorial.com\/index.php\/publicaciones\/cerca-del-mar-de-ruth-vilar-audiolibro\" target=\"_blank\" rel=\"noreferrer noopener\"><em>Cerca del mar<\/em> de Ruth Vilar (Oid\u00e0 Editorial, 2023)<\/a> en <a rel=\"noreferrer noopener\" href=\"https:\/\/www.zendalibros.com\/nuestros-dias-mas-felices\/\" target=\"_blank\">Zenda Libros<\/a>:<\/p>\n\n\n\n<p>\u00abEl \u00faltimo texto de&nbsp;<strong>Ruth Vilar<\/strong>,&nbsp;<strong><em>Cerca del mar,<\/em><\/strong>&nbsp;nos mece entre sus olas, adelante y atr\u00e1s, nos escupe una espuma plateada de injusticia, enjuaga nuestras l\u00e1grimas y nos convoca delante de nosotros mismos. <br>Es un mon\u00f3logo que te traga, como el mar, entre la fina piel de sus palabras, y te deja totalmente empapado de empat\u00eda. [&#8230;]<\/p>\n<\/div><\/div>\n\n\n\n<p>El tono y el discurso \u2014fresco como agua reci\u00e9n tra\u00edda de la fuente\u2014, ayuda a construir una \u00e9poca, un mundo. Vemos, aunque no o\u00edmos, perfectamente a todos sus interlocutores: las vecinas, las clientas de la verduler\u00eda, la familia, los juzgados, el peque\u00f1o Juanico\u2026 En ella parece empezar y acabar el amor.&nbsp;El paisaje. El mar. El mundo.<\/p>\n\n\n\n<p>Los elipses temporales entre las escenas son el gran andamiaje que hace avanzar la historia dibujando un trazado de puntos que el lector sigue con su lapicero sin el menor esfuerzo. Este es otro de los grandes m\u00e9ritos de la pieza.<\/p>\n\n\n\n<p>Y no menos envidiable es el honesto acercamiento al pensamiento de la \u00e9poca, capaz de abordar esta historia de violencia y de amor puesto a prueba.<\/p>\n\n\n\n<p>Irene, sin heroicidades ni aspavientos, desde la desconfianza, la frustraci\u00f3n, el desamparo, nos grita a la cara la oportunidad, el recuerdo, la memoria. La suya es una voz lacerante, hiriente, que nace en las entra\u00f1as, que no presume, que no se duele, que reconforta, que no puede ponerse en duda\u2026 Repito: no puede ni debe ponerse en duda. Es la voz de muchas. Es la voz de todas. Es un grito y un miedo que dura siglos.\u00bb<br><br>Lee aqu\u00ed el art\u00edculo completo: <a href=\"https:\/\/www.zendalibros.com\/nuestros-dias-mas-felices\/\" target=\"_blank\" rel=\"noreferrer noopener\">&#8216;Nuestros d\u00edas m\u00e1s felices&#8217; de Sebasti\u00e1n Moreno Sambruno en Zenda Libros<\/a>.<\/p>\n","protected":false},"excerpt":{"rendered":"<p>Sebasti\u00e1n Moreno Sambruno rese\u00f1a Cerca del mar de Ruth Vilar (Oid\u00e0 Editorial, 2023) en Zenda Libros: \u00abEl \u00faltimo texto de&nbsp;Ruth Vilar,&nbsp;Cerca del mar,&nbsp;nos mece entre sus olas, adelante y atr\u00e1s, nos escupe una espuma plateada de injusticia, enjuaga nuestras l\u00e1grimas y nos convoca delante de nosotros mismos. Es un mon\u00f3logo que te traga, como el [&hellip;]<\/p>\n","protected":false},"author":1,"featured_media":0,"comment_status":"closed","ping_status":"closed","sticky":false,"template":"","format":"standard","meta":{"footnotes":""},"categories":[22,23,1],"tags":[25,24,26],"class_list":["post-238","post","type-post","status-publish","format-standard","hentry","category-libro-teatral","category-literatura-dramatica-contemporanea","category-uncategorized","tag-audiolibro","tag-cerca-del-mar","tag-libro-electronico"],"_links":{"self":[{"href":"https:\/\/oidaeditorial.com\/index.php\/wp-json\/wp\/v2\/posts\/238","targetHints":{"allow":["GET"]}}],"collection":[{"href":"https:\/\/oidaeditorial.com\/index.php\/wp-json\/wp\/v2\/posts"}],"about":[{"href":"https:\/\/oidaeditorial.com\/index.php\/wp-json\/wp\/v2\/types\/post"}],"author":[{"embeddable":true,"href":"https:\/\/oidaeditorial.com\/index.php\/wp-json\/wp\/v2\/users\/1"}],"replies":[{"embeddable":true,"href":"https:\/\/oidaeditorial.com\/index.php\/wp-json\/wp\/v2\/comments?post=238"}],"version-history":[{"count":5,"href":"https:\/\/oidaeditorial.com\/index.php\/wp-json\/wp\/v2\/posts\/238\/revisions"}],"predecessor-version":[{"id":312,"href":"https:\/\/oidaeditorial.com\/index.php\/wp-json\/wp\/v2\/posts\/238\/revisions\/312"}],"wp:attachment":[{"href":"https:\/\/oidaeditorial.com\/index.php\/wp-json\/wp\/v2\/media?parent=238"}],"wp:term":[{"taxonomy":"category","embeddable":true,"href":"https:\/\/oidaeditorial.com\/index.php\/wp-json\/wp\/v2\/categories?post=238"},{"taxonomy":"post_tag","embeddable":true,"href":"https:\/\/oidaeditorial.com\/index.php\/wp-json\/wp\/v2\/tags?post=238"}],"curies":[{"name":"wp","href":"https:\/\/api.w.org\/{rel}","templated":true}]}}